{"id":4160,"date":"2023-06-28T06:27:46","date_gmt":"2023-06-28T06:27:46","guid":{"rendered":"https:\/\/zwackunicum.hu\/?p=4160"},"modified":"2024-05-29T11:05:36","modified_gmt":"2024-05-29T11:05:36","slug":"2022-2023-as-uzleti-evre-vonatkozo-jelentes","status":"publish","type":"post","link":"https:\/\/zwackunicum.hu\/en\/2022-2023-as-uzleti-evre-vonatkozo-jelentes\/","title":{"rendered":"2022\/2023 \u00fczleti \u00e9vre vonatkoz\u00f3 jelent\u00e9s"},"content":{"rendered":"","protected":false},"excerpt":{"rendered":"","protected":false},"author":1,"featured_media":0,"comment_status":"closed","ping_status":"closed","sticky":false,"template":"","format":"link","meta":{"footnotes":""},"categories":[93],"tags":[],"class_list":{"0":"post-4160","1":"post","2":"type-post","3":"status-publish","4":"format-link","6":"category-felelos-vallalatiranyitas","7":"post_format-post-format-link"},"_links":{"self":[{"href":"https:\/\/zwackunicum.hu\/en\/wp-json\/wp\/v2\/posts\/4160","targetHints":{"allow":["GET"]}}],"collection":[{"href":"https:\/\/zwackunicum.hu\/en\/wp-json\/wp\/v2\/posts"}],"about":[{"href":"https:\/\/zwackunicum.hu\/en\/wp-json\/wp\/v2\/types\/post"}],"author":[{"embeddable":true,"href":"https:\/\/zwackunicum.hu\/en\/wp-json\/wp\/v2\/users\/1"}],"replies":[{"embeddable":true,"href":"https:\/\/zwackunicum.hu\/en\/wp-json\/wp\/v2\/comments?post=4160"}],"version-history":[{"count":2,"href":"https:\/\/zwackunicum.hu\/en\/wp-json\/wp\/v2\/posts\/4160\/revisions"}],"predecessor-version":[{"id":4234,"href":"https:\/\/zwackunicum.hu\/en\/wp-json\/wp\/v2\/posts\/4160\/revisions\/4234"}],"wp:attachment":[{"href":"https:\/\/zwackunicum.hu\/en\/wp-json\/wp\/v2\/media?parent=4160"}],"wp:term":[{"taxonomy":"category","embeddable":true,"href":"https:\/\/zwackunicum.hu\/en\/wp-json\/wp\/v2\/categories?post=4160"},{"taxonomy":"post_tag","embeddable":true,"href":"https:\/\/zwackunicum.hu\/en\/wp-json\/wp\/v2\/tags?post=4160"}],"curies":[{"name":"wp","href":"https:\/\/api.w.org\/{rel}","templated":true}]}}