{"id":4168,"date":"2019-06-26T06:28:56","date_gmt":"2019-06-26T06:28:56","guid":{"rendered":"https:\/\/zwackunicum.hu\/?p=4168"},"modified":"2024-06-14T07:21:11","modified_gmt":"2024-06-14T07:21:11","slug":"2018-2019-es-uzleti-evre-vonatkozo-jelentes","status":"publish","type":"post","link":"https:\/\/zwackunicum.hu\/en\/2018-2019-es-uzleti-evre-vonatkozo-jelentes\/","title":{"rendered":"2018\/2019 \u00fczleti \u00e9vre vonatkoz\u00f3 jelent\u00e9s"},"content":{"rendered":"","protected":false},"excerpt":{"rendered":"","protected":false},"author":1,"featured_media":0,"comment_status":"closed","ping_status":"closed","sticky":false,"template":"","format":"link","meta":{"footnotes":""},"categories":[93],"tags":[],"class_list":{"0":"post-4168","1":"post","2":"type-post","3":"status-publish","4":"format-link","6":"category-felelos-vallalatiranyitas","7":"post_format-post-format-link"},"_links":{"self":[{"href":"https:\/\/zwackunicum.hu\/en\/wp-json\/wp\/v2\/posts\/4168","targetHints":{"allow":["GET"]}}],"collection":[{"href":"https:\/\/zwackunicum.hu\/en\/wp-json\/wp\/v2\/posts"}],"about":[{"href":"https:\/\/zwackunicum.hu\/en\/wp-json\/wp\/v2\/types\/post"}],"author":[{"embeddable":true,"href":"https:\/\/zwackunicum.hu\/en\/wp-json\/wp\/v2\/users\/1"}],"replies":[{"embeddable":true,"href":"https:\/\/zwackunicum.hu\/en\/wp-json\/wp\/v2\/comments?post=4168"}],"version-history":[{"count":2,"href":"https:\/\/zwackunicum.hu\/en\/wp-json\/wp\/v2\/posts\/4168\/revisions"}],"predecessor-version":[{"id":4230,"href":"https:\/\/zwackunicum.hu\/en\/wp-json\/wp\/v2\/posts\/4168\/revisions\/4230"}],"wp:attachment":[{"href":"https:\/\/zwackunicum.hu\/en\/wp-json\/wp\/v2\/media?parent=4168"}],"wp:term":[{"taxonomy":"category","embeddable":true,"href":"https:\/\/zwackunicum.hu\/en\/wp-json\/wp\/v2\/categories?post=4168"},{"taxonomy":"post_tag","embeddable":true,"href":"https:\/\/zwackunicum.hu\/en\/wp-json\/wp\/v2\/tags?post=4168"}],"curies":[{"name":"wp","href":"https:\/\/api.w.org\/{rel}","templated":true}]}}